{"id":36,"date":"2020-05-03T10:38:36","date_gmt":"2020-05-03T08:38:36","guid":{"rendered":"https:\/\/www.choamgoldberg.com\/?p=36"},"modified":"2020-06-06T08:00:12","modified_gmt":"2020-06-06T06:00:12","slug":"le-sfide-della-disuguaglianza-intervista-a-thomas-piketty","status":"publish","type":"post","link":"https:\/\/www.choamgoldberg.com\/?p=36","title":{"rendered":"Le sfide della disuguaglianza. Intervista a Thomas Piketty"},"content":{"rendered":"<p>Non solo lotta di classe, ma anche lotta ideologica: le riflessioni di Thomas Piketty.<\/p>\n<blockquote><p>L&#8217;idea generale \u00e8 che viviamo in societ\u00e0 molto istruite e abbiamo bisogno di una circolazione del potere di propriet\u00e0. L&#8217;idea che una persona che abbia fatto fortuna a 30 anni continui a 70 a decidere per centinaia di dipendenti \u00e8 un&#8217;idea un po&#8217; monarchica in economia, completamente strampalata. E si continua a ripetere questo modello come l&#8217;unico possibile, l&#8217;unico sistema. Tuttavia, non \u00e8 affatto razionale. Penso che debba essere cambiato. Abbiamo esempi, come la cogestione che ho menzionato o le imposte progressive su redditi e successioni che pongono limiti alle grandi concentrazioni patrimoniali.<br \/>\n<strong><a href=\"http:\/\/temi.repubblica.it\/micromega-online\/le-sfide-della-disuguaglianza-intervista-a-thomas-piketty\/\" target=\"_blank\" rel=\"noopener noreferrer\">Le sfide della disuguaglianza. Intervista a Thomas Piketty &#8211; MicroMega<\/a><\/strong><\/p><\/blockquote>\n<p><img loading=\"lazy\" decoding=\"async\" class=\"alignnone size-full wp-image-42\" src=\"https:\/\/www.choamgoldberg.com\/wp-content\/uploads\/2020\/05\/lesfide.jpg\" alt=\"\" width=\"1440\" height=\"812\" srcset=\"https:\/\/www.choamgoldberg.com\/wp-content\/uploads\/2020\/05\/lesfide.jpg 1440w, https:\/\/www.choamgoldberg.com\/wp-content\/uploads\/2020\/05\/lesfide-300x169.jpg 300w, https:\/\/www.choamgoldberg.com\/wp-content\/uploads\/2020\/05\/lesfide-1024x577.jpg 1024w, https:\/\/www.choamgoldberg.com\/wp-content\/uploads\/2020\/05\/lesfide-768x433.jpg 768w, https:\/\/www.choamgoldberg.com\/wp-content\/uploads\/2020\/05\/lesfide-500x282.jpg 500w\" sizes=\"auto, (max-width: 1440px) 100vw, 1440px\" \/><\/p>\n","protected":false},"excerpt":{"rendered":"<p>Non solo lotta di classe, ma anche lotta ideologica: le riflessioni di Thomas Piketty. L&#8217;idea generale \u00e8 che viviamo in societ\u00e0 molto istruite e abbiamo bisogno di una circolazione del potere di propriet\u00e0. L&#8217;idea che una persona che abbia fatto &hellip; <a href=\"https:\/\/www.choamgoldberg.com\/?p=36\">Continua a leggere<span class=\"meta-nav\">&rarr;<\/span><\/a><\/p>\n","protected":false},"author":1,"featured_media":0,"comment_status":"open","ping_status":"closed","sticky":false,"template":"","format":"standard","meta":{"footnotes":""},"categories":[8],"tags":[],"class_list":["post-36","post","type-post","status-publish","format-standard","hentry","category-letture"],"_links":{"self":[{"href":"https:\/\/www.choamgoldberg.com\/index.php?rest_route=\/wp\/v2\/posts\/36","targetHints":{"allow":["GET"]}}],"collection":[{"href":"https:\/\/www.choamgoldberg.com\/index.php?rest_route=\/wp\/v2\/posts"}],"about":[{"href":"https:\/\/www.choamgoldberg.com\/index.php?rest_route=\/wp\/v2\/types\/post"}],"author":[{"embeddable":true,"href":"https:\/\/www.choamgoldberg.com\/index.php?rest_route=\/wp\/v2\/users\/1"}],"replies":[{"embeddable":true,"href":"https:\/\/www.choamgoldberg.com\/index.php?rest_route=%2Fwp%2Fv2%2Fcomments&post=36"}],"version-history":[{"count":9,"href":"https:\/\/www.choamgoldberg.com\/index.php?rest_route=\/wp\/v2\/posts\/36\/revisions"}],"predecessor-version":[{"id":148,"href":"https:\/\/www.choamgoldberg.com\/index.php?rest_route=\/wp\/v2\/posts\/36\/revisions\/148"}],"wp:attachment":[{"href":"https:\/\/www.choamgoldberg.com\/index.php?rest_route=%2Fwp%2Fv2%2Fmedia&parent=36"}],"wp:term":[{"taxonomy":"category","embeddable":true,"href":"https:\/\/www.choamgoldberg.com\/index.php?rest_route=%2Fwp%2Fv2%2Fcategories&post=36"},{"taxonomy":"post_tag","embeddable":true,"href":"https:\/\/www.choamgoldberg.com\/index.php?rest_route=%2Fwp%2Fv2%2Ftags&post=36"}],"curies":[{"name":"wp","href":"https:\/\/api.w.org\/{rel}","templated":true}]}}