{"id":112,"date":"2020-06-03T15:38:21","date_gmt":"2020-06-03T13:38:21","guid":{"rendered":"https:\/\/www.choamgoldberg.com\/?p=112"},"modified":"2020-06-06T07:57:43","modified_gmt":"2020-06-06T05:57:43","slug":"la-manifestazione-di-neofascisti-e-gilet-arancioni-a-roma-e-un-affronto-alle-vittime-del-covid","status":"publish","type":"post","link":"https:\/\/www.choamgoldberg.com\/?p=112","title":{"rendered":"La manifestazione di neofascisti e gilet arancioni a Roma \u00e8 un affronto alle vittime del Covid"},"content":{"rendered":"<p>Si diceva che ne saremmo usciti \u00abmigliori\u00bb. Invece niente: la merda puzza, ch\u00e9 non sa far altro.<\/p>\n<blockquote><p>Se nessuno ha impedito quello scempio fatto di neofascisti suderecci e grotteschi forconi, che genere di richieste possiamo mai rivolgere ai cittadini perbene? Ancora e di nuovo, di colmare con la loro responsabilit\u00e0 i vuoti lasciati dalla politica pi\u00f9 tossica e dal populismo pi\u00f9 fuori di testa, una specie di grillismo in versione beta rimasticato dal peggio che arriva dai sottocanali degli aggregatori americani?<br \/>\n<strong><a href=\"https:\/\/www.wired.it\/attualita\/politica\/2020\/06\/03\/roma-neofascisti-gilet-arancioni-manifestazione\/\" target=\"_blank\" rel=\"noopener noreferrer\">La manifestazione di neofascisti e gilet arancioni a Roma \u00e8 un affronto alle vittime del Covid &#8211; Wired<\/a><\/strong><\/p><\/blockquote>\n<p><img loading=\"lazy\" decoding=\"async\" class=\"alignnone size-full wp-image-117\" src=\"https:\/\/www.choamgoldberg.com\/wp-content\/uploads\/2020\/06\/lamanifestazione.jpg\" alt=\"\" width=\"1440\" height=\"806\" srcset=\"https:\/\/www.choamgoldberg.com\/wp-content\/uploads\/2020\/06\/lamanifestazione.jpg 1440w, https:\/\/www.choamgoldberg.com\/wp-content\/uploads\/2020\/06\/lamanifestazione-300x168.jpg 300w, https:\/\/www.choamgoldberg.com\/wp-content\/uploads\/2020\/06\/lamanifestazione-1024x573.jpg 1024w, https:\/\/www.choamgoldberg.com\/wp-content\/uploads\/2020\/06\/lamanifestazione-768x430.jpg 768w, https:\/\/www.choamgoldberg.com\/wp-content\/uploads\/2020\/06\/lamanifestazione-500x280.jpg 500w\" sizes=\"auto, (max-width: 1440px) 100vw, 1440px\" \/><!--more--><\/p>\n","protected":false},"excerpt":{"rendered":"<p>Si diceva che ne saremmo usciti \u00abmigliori\u00bb. Invece niente: la merda puzza, ch\u00e9 non sa far altro. Se nessuno ha impedito quello scempio fatto di neofascisti suderecci e grotteschi forconi, che genere di richieste possiamo mai rivolgere ai cittadini perbene? &hellip; <a href=\"https:\/\/www.choamgoldberg.com\/?p=112\">Continua a leggere<span class=\"meta-nav\">&rarr;<\/span><\/a><\/p>\n","protected":false},"author":1,"featured_media":0,"comment_status":"open","ping_status":"closed","sticky":false,"template":"","format":"standard","meta":{"footnotes":""},"categories":[8],"tags":[],"class_list":["post-112","post","type-post","status-publish","format-standard","hentry","category-letture"],"_links":{"self":[{"href":"https:\/\/www.choamgoldberg.com\/index.php?rest_route=\/wp\/v2\/posts\/112","targetHints":{"allow":["GET"]}}],"collection":[{"href":"https:\/\/www.choamgoldberg.com\/index.php?rest_route=\/wp\/v2\/posts"}],"about":[{"href":"https:\/\/www.choamgoldberg.com\/index.php?rest_route=\/wp\/v2\/types\/post"}],"author":[{"embeddable":true,"href":"https:\/\/www.choamgoldberg.com\/index.php?rest_route=\/wp\/v2\/users\/1"}],"replies":[{"embeddable":true,"href":"https:\/\/www.choamgoldberg.com\/index.php?rest_route=%2Fwp%2Fv2%2Fcomments&post=112"}],"version-history":[{"count":7,"href":"https:\/\/www.choamgoldberg.com\/index.php?rest_route=\/wp\/v2\/posts\/112\/revisions"}],"predecessor-version":[{"id":136,"href":"https:\/\/www.choamgoldberg.com\/index.php?rest_route=\/wp\/v2\/posts\/112\/revisions\/136"}],"wp:attachment":[{"href":"https:\/\/www.choamgoldberg.com\/index.php?rest_route=%2Fwp%2Fv2%2Fmedia&parent=112"}],"wp:term":[{"taxonomy":"category","embeddable":true,"href":"https:\/\/www.choamgoldberg.com\/index.php?rest_route=%2Fwp%2Fv2%2Fcategories&post=112"},{"taxonomy":"post_tag","embeddable":true,"href":"https:\/\/www.choamgoldberg.com\/index.php?rest_route=%2Fwp%2Fv2%2Ftags&post=112"}],"curies":[{"name":"wp","href":"https:\/\/api.w.org\/{rel}","templated":true}]}}